    
{"id":12143,"date":"2025-10-14T10:57:34","date_gmt":"2025-10-14T08:57:34","guid":{"rendered":"https:\/\/www.expodefensa.com.co\/el-sector-defensa-como-motor-de-transformacion-en-colombia\/"},"modified":"2025-10-14T11:11:40","modified_gmt":"2025-10-14T09:11:40","slug":"el-sector-defensa-como-motor-de-transformacion-en-colombia","status":"publish","type":"post","link":"https:\/\/www.expodefensa.com.co\/es\/el-sector-defensa-como-motor-de-transformacion-en-colombia\/","title":{"rendered":"El Sector Defensa como motor de transformaci\u00f3n en Colombia"},"content":{"rendered":"\t\t<div data-elementor-type=\"wp-post\" data-elementor-id=\"12143\" class=\"elementor elementor-12143 elementor-12132\" data-elementor-settings=\"{&quot;ha_cmc_init_switcher&quot;:&quot;no&quot;}\" data-elementor-post-type=\"post\">\n\t\t\t\t\t\t<section class=\"elementor-section elementor-top-section elementor-element elementor-element-8e9277f elementor-section-boxed elementor-section-height-default elementor-section-height-default\" data-id=\"8e9277f\" data-element_type=\"section\" data-e-type=\"section\" data-settings=\"{&quot;_ha_eqh_enable&quot;:false}\">\n\t\t\t\t\t\t<div class=\"elementor-container elementor-column-gap-default\">\n\t\t\t\t\t<div class=\"elementor-column elementor-col-100 elementor-top-column elementor-element elementor-element-90b288c\" data-id=\"90b288c\" data-element_type=\"column\" data-e-type=\"column\">\n\t\t\t<div class=\"elementor-widget-wrap elementor-element-populated\">\n\t\t\t\t\t\t<div class=\"elementor-element elementor-element-f5e2941 elementor-widget elementor-widget-text-editor\" data-id=\"f5e2941\" data-element_type=\"widget\" data-e-type=\"widget\" data-widget_type=\"text-editor.default\">\n\t\t\t\t<div class=\"elementor-widget-container\">\n\t\t\t\t\t\t\t\t\t<p>Por: Ana Catalina Cano Londo\u00f1o, viceministra de Veteranos y del GSED.<\/p>\t\t\t\t\t\t\t\t<\/div>\n\t\t\t\t<\/div>\n\t\t\t\t<div class=\"elementor-element elementor-element-5384647 elementor-widget elementor-widget-text-editor\" data-id=\"5384647\" data-element_type=\"widget\" data-e-type=\"widget\" data-widget_type=\"text-editor.default\">\n\t\t\t\t<div class=\"elementor-widget-container\">\n\t\t\t\t\t\t\t\t\t<p>\u00bfTe imaginas un mundo sin internet, sin GPS, y hoy\u2026 sin drones? Estas tecnolog\u00edas, que hoy forman parte integral de nuestras vidas, nacieron en el coraz\u00f3n del sector defensa. Desde el desarrollo de ARPANET \u2014la semilla de lo que hoy es internet\u2014 hasta los sistemas de posicionamiento global y los veh\u00edculos a\u00e9reos no tripulados, el sector defensa ha sido hist\u00f3ricamente uno de los principales motores de innovaci\u00f3n tecnol\u00f3gica. Estos avances, inicialmente concebidos para aplicaciones militares, hoy tienen un impacto incuestionable en \u00e1mbitos civiles, productivos y sociales.   <\/p>\n<p>Sin embargo, limitar la innovaci\u00f3n solo a grandes invenciones ser\u00eda minimizar su esencia. Innovar tambi\u00e9n es repensar lo cotidiano, transformar procesos y encontrar nuevas formas de resolver problemas (esto es lo que conocemos como innovaci\u00f3n incremental). En un mundo hiperconectado y tecnol\u00f3gicamente din\u00e1mico, la innovaci\u00f3n no es una opci\u00f3n, es una condici\u00f3n para la supervivencia y la competitividad.  <\/p>\t\t\t\t\t\t\t\t<\/div>\n\t\t\t\t<\/div>\n\t\t\t\t<div class=\"elementor-element elementor-element-5d4d6fa elementor-widget elementor-widget-heading\" data-id=\"5d4d6fa\" data-element_type=\"widget\" data-e-type=\"widget\" data-widget_type=\"heading.default\">\n\t\t\t\t<div class=\"elementor-widget-container\">\n\t\t\t\t\t<h2 class=\"elementor-heading-title elementor-size-default\">Colombia y su posici\u00f3n en el \u00edndice global de innovaci\u00f3n<\/h2>\t\t\t\t<\/div>\n\t\t\t\t<\/div>\n\t\t\t\t<div class=\"elementor-element elementor-element-ef1f3cb elementor-widget elementor-widget-text-editor\" data-id=\"ef1f3cb\" data-element_type=\"widget\" data-e-type=\"widget\" data-widget_type=\"text-editor.default\">\n\t\t\t\t<div class=\"elementor-widget-container\">\n\t\t\t\t\t\t\t\t\t<p>Colombia ven\u00eda ganando posiciones, de acuerdo con el <strong>\u00cdndice Global de Innovaci\u00f3n (GII) 2024<\/strong>. El pa\u00eds ocupaba el <strong>puesto 61 entre 133 econom\u00edas<\/strong>. En el m\u00e1s reciente reporte de la GII, Colombia subi\u00f3 10 puestos, posicion\u00e1ndonos en el puesto n\u00famero 71 entre 139 pa\u00edses, ubic\u00e1ndonos en un puesto inferior, inclusive en relaci\u00f3n con los puestos obtenidos en los \u00faltimos 5 a\u00f1os. Lo anterior representa un reto y un compromiso mayor de cara a la inversi\u00f3n en I+D \u2013 inversiones en capital de riesgo \u2013 pues son los indicadores que, de acuerdo con el GII 2025, han empeorado para Colombia.   <\/p>\n<p>Pero lejos de desmotivarnos con estos resultados, lo que nos pone de presente es el potencial que Colombia tiene para consolidarse como un actor relevante en la innovaci\u00f3n regional. Y dentro de este ecosistema, el sector defensa tiene una oportunidad \u00fanica de liderar. <\/p>\n<p>Esta posibilidad no es solo una meta institucional, es tambi\u00e9n una esperanza para millones de colombianos que anhelan un pa\u00eds m\u00e1s seguro, soberano e innovador. Convertir la defensa en motor de desarrollo podr\u00eda impactar todos los sectores y niveles de la sociedad y contribuir a que Colombia alcance posiciones m\u00e1s cerca a la de sus vecinos; como Chile y Brasil, que ocupan la posici\u00f3n 51 y 52, respectivamente. <\/p>\n<p>Retos y oportunidades para el sector defensa colombiano<\/p>\n<p>A medida que el pa\u00eds avanza en materia de innovaci\u00f3n, el sector defensa se enfrenta a una serie de retos estrat\u00e9gicos, pero tambi\u00e9n a inmensas oportunidades:<\/p>\n<ol>\n<li>Impulsar la innovaci\u00f3n abierta<\/li>\n<\/ol>\n<p>La colaboraci\u00f3n entre fuerzas armadas, industria, academia, sector civil y gobiernos territoriales es clave para acelerar procesos de innovaci\u00f3n. La <strong>innovaci\u00f3n abierta<\/strong> permite aprovechar conocimiento y tecnolog\u00edas externas para desarrollar soluciones m\u00e1s eficaces y adaptativas ante amenazas emergentes.<\/p>\n<ol start=\"2\">\n<li>Apostar por tecnolog\u00edas de uso dual<\/li>\n<\/ol>\n<p>Muchos de los desarrollos en defensa encuentran un valor agregado cuando son aplicados tambi\u00e9n en contextos civiles. Desde sensores y veh\u00edculos no tripulados, hasta tecnolog\u00edas de comunicaci\u00f3n o sistemas de vigilancia, el enfoque dual permite maximizar el retorno social y econ\u00f3mico de la inversi\u00f3n en I+D. <\/p>\n<p>Un ejemplo concreto es el desarrollo de drones en Colombia para la vigilancia fronteriza, que tambi\u00e9n han sido adaptados para el monitoreo ambiental y la atenci\u00f3n de emergencias naturales. Esta <strong>versatilidad <\/strong>demuestra c\u00f3mo las capacidades del sector defensa pueden traducirse en bienestar social. <\/p>\n<ol start=\"3\">\n<li>Fortalecer la competitividad desde la colaboraci\u00f3n<\/li>\n<\/ol>\n<p>Las alianzas estrat\u00e9gicas y los modelos colaborativos representan una v\u00eda efectiva para posicionar a Colombia como referente en tecnolog\u00eda de defensa en Am\u00e9rica Latina. Esto no <br>solo eleva las capacidades del sector, sino que lo alinea con la agenda nacional de reindustrializaci\u00f3n y transformaci\u00f3n productiva. <\/p>\n<ol start=\"4\">\n<li>Insertarse en ecosistemas de innovaci\u00f3n<\/li>\n<\/ol>\n<p>Es fundamental fomentar redes de colaboraci\u00f3n y conectar al sector defensa con otros sectores estrat\u00e9gicos del pa\u00eds. La <strong>inserci\u00f3n efectiva en ecosistemas nacionales e internacionales de innovaci\u00f3n<\/strong> amplifica el impacto de las soluciones y genera sinergias poderosas para el desarrollo.<\/p>\t\t\t\t\t\t\t\t<\/div>\n\t\t\t\t<\/div>\n\t\t\t\t<div class=\"elementor-element elementor-element-62ee229 elementor-widget elementor-widget-heading\" data-id=\"62ee229\" data-element_type=\"widget\" data-e-type=\"widget\" data-widget_type=\"heading.default\">\n\t\t\t\t<div class=\"elementor-widget-container\">\n\t\t\t\t\t<h2 class=\"elementor-heading-title elementor-size-default\">Un Hub para la defensa y la vida<\/h2>\t\t\t\t<\/div>\n\t\t\t\t<\/div>\n\t\t\t\t<div class=\"elementor-element elementor-element-05afbf0 elementor-widget elementor-widget-text-editor\" data-id=\"05afbf0\" data-element_type=\"widget\" data-e-type=\"widget\" data-widget_type=\"text-editor.default\">\n\t\t\t\t<div class=\"elementor-widget-container\">\n\t\t\t\t\t\t\t\t\t<p>En este contexto nace el <strong>Hub de Innovaci\u00f3n en Defensa y de la Vida<\/strong>, una iniciativa del sector defensa colombiano inspirada en el modelo de <strong>qu\u00edntuple h\u00e9lice<\/strong> (Estado, academia, empresa, sociedad civil y medioambiente). Este proyecto busca ser un espacio de transferencia de conocimiento y tecnolog\u00eda y potenciar la colaboraci\u00f3n y co creaci\u00f3n, alineadas con las <strong>cuatro misiones de la pol\u00edtica de Ciencia, Tecnolog\u00eda e Innovaci\u00f3n del sector defensa<\/strong>, y con los objetivos de <strong>reindustrializaci\u00f3n <\/strong>establecidos por el CONPES 4129 de 2024. <\/p>\n<p>Este hub tambi\u00e9n es un puente entre la tecnolog\u00eda nacional y las soluciones que exige el siglo XXI. M\u00e1s que un laboratorio, este hub representa un llamado a pensar la defensa como un agente de transformaci\u00f3n tecnol\u00f3gica y social. Un lugar donde las amenazas se enfrentan con creatividad, y donde la protecci\u00f3n de la vida se conecta con el desarrollo de conocimiento, ciencia y tecnolog\u00eda.  <\/p>\n<p><strong>Conclusi\u00f3n: el futuro se construye con innovaci\u00f3n abierta<\/strong><\/p>\n<p>Hoy la discusi\u00f3n no es si debemos innovar, sino <strong>c\u00f3mo lo hacemos mejor.<\/strong> El sector defensa colombiano ha demostrado ser genuinamente innovador. Ahora, su reto es potenciar ese esp\u00edritu a trav\u00e9s de la colaboraci\u00f3n, el uso dual y la apertura al conocimiento compartido.  <\/p>\n<p>Porque el futuro de la seguridad \u2014y del desarrollo\u2014 no solo depende de la fuerza, sino de la capacidad de<strong> imaginar, crear y transformar<\/strong>. Innovar desde la defensa es tambi\u00e9n defender el futuro con ideas y desarrollo sostenible del pa\u00eds. <\/p>\n<p>En definitiva, si la innovaci\u00f3n nace en la defensa, su destino debe ser el desarrollo: sostenible, colectivo y colombiano.<\/p>\t\t\t\t\t\t\t\t<\/div>\n\t\t\t\t<\/div>\n\t\t\t\t\t<\/div>\n\t\t<\/div>\n\t\t\t\t\t<\/div>\n\t\t<\/section>\n\t\t\t\t<\/div>\n\t\t","protected":false},"excerpt":{"rendered":"<p>En la cotidianidad, damos por sentadas tecnolog\u00edas que hace tan solo unas d\u00e9cadas eran propias de la ciencia ficci\u00f3n. Lo que hoy usamos para pedir un taxi o rastrear un paquete, naci\u00f3 en entornos donde la seguridad era prioridad, y la innovaci\u00f3n, una necesidad vital. <\/p>\n","protected":false},"author":1,"featured_media":12134,"comment_status":"closed","ping_status":"closed","sticky":false,"template":"","format":"standard","meta":{"_acf_changed":false,"footnotes":""},"categories":[33],"tags":[],"post_folder":[],"class_list":["post-12143","post","type-post","status-publish","format-standard","has-post-thumbnail","hentry","category-noticias"],"acf":[],"yoast_head":"<!-- This site is optimized with the Yoast SEO plugin v27.4 - https:\/\/yoast.com\/product\/yoast-seo-wordpress\/ -->\n<title>El Sector Defensa como motor de transformaci\u00f3n en Colombia - Expodefensa 2025<\/title>\n<meta name=\"robots\" content=\"index, follow, max-snippet:-1, max-image-preview:large, max-video-preview:-1\" \/>\n<link rel=\"canonical\" href=\"https:\/\/www.expodefensa.com.co\/es\/el-sector-defensa-como-motor-de-transformacion-en-colombia\/\" \/>\n<meta property=\"og:locale\" content=\"es_ES\" \/>\n<meta property=\"og:type\" content=\"article\" \/>\n<meta property=\"og:title\" content=\"El Sector Defensa como motor de transformaci\u00f3n en Colombia - Expodefensa 2025\" \/>\n<meta property=\"og:description\" content=\"En la cotidianidad, damos por sentadas tecnolog\u00edas que hace tan solo unas d\u00e9cadas eran propias de la ciencia ficci\u00f3n. Lo que hoy usamos para pedir un taxi o rastrear un paquete, naci\u00f3 en entornos donde la seguridad era prioridad, y la innovaci\u00f3n, una necesidad vital.\" \/>\n<meta property=\"og:url\" content=\"https:\/\/www.expodefensa.com.co\/es\/el-sector-defensa-como-motor-de-transformacion-en-colombia\/\" \/>\n<meta property=\"og:site_name\" content=\"Expodefensa 2025\" \/>\n<meta property=\"article:published_time\" content=\"2025-10-14T08:57:34+00:00\" \/>\n<meta property=\"article:modified_time\" content=\"2025-10-14T09:11:40+00:00\" \/>\n<meta property=\"og:image\" content=\"https:\/\/www.expodefensa.com.co\/wp-content\/uploads\/2025\/10\/transformation.jpg\" \/>\n\t<meta property=\"og:image:width\" content=\"1024\" \/>\n\t<meta property=\"og:image:height\" content=\"684\" \/>\n\t<meta property=\"og:image:type\" content=\"image\/jpeg\" \/>\n<meta name=\"author\" content=\"admin-master\" \/>\n<meta name=\"twitter:card\" content=\"summary_large_image\" \/>\n<meta name=\"twitter:label1\" content=\"Escrito por\" \/>\n\t<meta name=\"twitter:data1\" content=\"admin-master\" \/>\n\t<meta name=\"twitter:label2\" content=\"Tiempo de lectura\" \/>\n\t<meta name=\"twitter:data2\" content=\"5 minutos\" \/>\n<script type=\"application\/ld+json\" class=\"yoast-schema-graph\">{\"@context\":\"https:\\\/\\\/schema.org\",\"@graph\":[{\"@type\":\"Article\",\"@id\":\"https:\\\/\\\/www.expodefensa.com.co\\\/es\\\/el-sector-defensa-como-motor-de-transformacion-en-colombia\\\/#article\",\"isPartOf\":{\"@id\":\"https:\\\/\\\/www.expodefensa.com.co\\\/es\\\/el-sector-defensa-como-motor-de-transformacion-en-colombia\\\/\"},\"author\":{\"name\":\"admin-master\",\"@id\":\"https:\\\/\\\/2023.expodefensa.fr\\\/#\\\/schema\\\/person\\\/fece00789b59b432cff1e10d2df66dcd\"},\"headline\":\"El Sector Defensa como motor de transformaci\u00f3n en Colombia\",\"datePublished\":\"2025-10-14T08:57:34+00:00\",\"dateModified\":\"2025-10-14T09:11:40+00:00\",\"mainEntityOfPage\":{\"@id\":\"https:\\\/\\\/www.expodefensa.com.co\\\/es\\\/el-sector-defensa-como-motor-de-transformacion-en-colombia\\\/\"},\"wordCount\":1003,\"publisher\":{\"@id\":\"https:\\\/\\\/2023.expodefensa.fr\\\/#organization\"},\"image\":{\"@id\":\"https:\\\/\\\/www.expodefensa.com.co\\\/es\\\/el-sector-defensa-como-motor-de-transformacion-en-colombia\\\/#primaryimage\"},\"thumbnailUrl\":\"https:\\\/\\\/www.expodefensa.com.co\\\/wp-content\\\/uploads\\\/2025\\\/10\\\/transformation.jpg\",\"articleSection\":[\"Noticias\"],\"inLanguage\":\"es\"},{\"@type\":\"WebPage\",\"@id\":\"https:\\\/\\\/www.expodefensa.com.co\\\/es\\\/el-sector-defensa-como-motor-de-transformacion-en-colombia\\\/\",\"url\":\"https:\\\/\\\/www.expodefensa.com.co\\\/es\\\/el-sector-defensa-como-motor-de-transformacion-en-colombia\\\/\",\"name\":\"El Sector Defensa como motor de transformaci\u00f3n en Colombia - Expodefensa 2025\",\"isPartOf\":{\"@id\":\"https:\\\/\\\/2023.expodefensa.fr\\\/#website\"},\"primaryImageOfPage\":{\"@id\":\"https:\\\/\\\/www.expodefensa.com.co\\\/es\\\/el-sector-defensa-como-motor-de-transformacion-en-colombia\\\/#primaryimage\"},\"image\":{\"@id\":\"https:\\\/\\\/www.expodefensa.com.co\\\/es\\\/el-sector-defensa-como-motor-de-transformacion-en-colombia\\\/#primaryimage\"},\"thumbnailUrl\":\"https:\\\/\\\/www.expodefensa.com.co\\\/wp-content\\\/uploads\\\/2025\\\/10\\\/transformation.jpg\",\"datePublished\":\"2025-10-14T08:57:34+00:00\",\"dateModified\":\"2025-10-14T09:11:40+00:00\",\"breadcrumb\":{\"@id\":\"https:\\\/\\\/www.expodefensa.com.co\\\/es\\\/el-sector-defensa-como-motor-de-transformacion-en-colombia\\\/#breadcrumb\"},\"inLanguage\":\"es\",\"potentialAction\":[{\"@type\":\"ReadAction\",\"target\":[\"https:\\\/\\\/www.expodefensa.com.co\\\/es\\\/el-sector-defensa-como-motor-de-transformacion-en-colombia\\\/\"]}]},{\"@type\":\"ImageObject\",\"inLanguage\":\"es\",\"@id\":\"https:\\\/\\\/www.expodefensa.com.co\\\/es\\\/el-sector-defensa-como-motor-de-transformacion-en-colombia\\\/#primaryimage\",\"url\":\"https:\\\/\\\/www.expodefensa.com.co\\\/wp-content\\\/uploads\\\/2025\\\/10\\\/transformation.jpg\",\"contentUrl\":\"https:\\\/\\\/www.expodefensa.com.co\\\/wp-content\\\/uploads\\\/2025\\\/10\\\/transformation.jpg\",\"width\":1024,\"height\":684,\"caption\":\"transformation\"},{\"@type\":\"BreadcrumbList\",\"@id\":\"https:\\\/\\\/www.expodefensa.com.co\\\/es\\\/el-sector-defensa-como-motor-de-transformacion-en-colombia\\\/#breadcrumb\",\"itemListElement\":[{\"@type\":\"ListItem\",\"position\":1,\"name\":\"Home\",\"item\":\"https:\\\/\\\/www.expodefensa.com.co\\\/es\\\/home\\\/\"},{\"@type\":\"ListItem\",\"position\":2,\"name\":\"El Sector Defensa como motor de transformaci\u00f3n en Colombia\"}]},{\"@type\":\"WebSite\",\"@id\":\"https:\\\/\\\/2023.expodefensa.fr\\\/#website\",\"url\":\"https:\\\/\\\/2023.expodefensa.fr\\\/\",\"name\":\"Expodefensa 2025\",\"description\":\"International Defense and Security Trade Fair\",\"publisher\":{\"@id\":\"https:\\\/\\\/2023.expodefensa.fr\\\/#organization\"},\"alternateName\":\"Expodefensa 2023\",\"potentialAction\":[{\"@type\":\"SearchAction\",\"target\":{\"@type\":\"EntryPoint\",\"urlTemplate\":\"https:\\\/\\\/2023.expodefensa.fr\\\/?s={search_term_string}\"},\"query-input\":{\"@type\":\"PropertyValueSpecification\",\"valueRequired\":true,\"valueName\":\"search_term_string\"}}],\"inLanguage\":\"es\"},{\"@type\":\"Organization\",\"@id\":\"https:\\\/\\\/2023.expodefensa.fr\\\/#organization\",\"name\":\"Expodefensa 2025\",\"alternateName\":\"Expodefensa 2023\",\"url\":\"https:\\\/\\\/2023.expodefensa.fr\\\/\",\"logo\":{\"@type\":\"ImageObject\",\"inLanguage\":\"es\",\"@id\":\"https:\\\/\\\/2023.expodefensa.fr\\\/#\\\/schema\\\/logo\\\/image\\\/\",\"url\":\"https:\\\/\\\/www.expodefensa.com.co\\\/wp-content\\\/uploads\\\/2023\\\/01\\\/logo_expodefensa-social.jpg\",\"contentUrl\":\"https:\\\/\\\/www.expodefensa.com.co\\\/wp-content\\\/uploads\\\/2023\\\/01\\\/logo_expodefensa-social.jpg\",\"width\":432,\"height\":200,\"caption\":\"Expodefensa 2025\"},\"image\":{\"@id\":\"https:\\\/\\\/2023.expodefensa.fr\\\/#\\\/schema\\\/logo\\\/image\\\/\"},\"sameAs\":[\"https:\\\/\\\/www.linkedin.com\\\/company\\\/expodefensa\\\/\"]},{\"@type\":\"Person\",\"@id\":\"https:\\\/\\\/2023.expodefensa.fr\\\/#\\\/schema\\\/person\\\/fece00789b59b432cff1e10d2df66dcd\",\"name\":\"admin-master\",\"image\":{\"@type\":\"ImageObject\",\"inLanguage\":\"es\",\"@id\":\"https:\\\/\\\/secure.gravatar.com\\\/avatar\\\/fbfef74d41ed20cdf5a602b4b4f0e73ecd596247e7d080ce91ee80733cc0d169?s=96&d=mm&r=g\",\"url\":\"https:\\\/\\\/secure.gravatar.com\\\/avatar\\\/fbfef74d41ed20cdf5a602b4b4f0e73ecd596247e7d080ce91ee80733cc0d169?s=96&d=mm&r=g\",\"contentUrl\":\"https:\\\/\\\/secure.gravatar.com\\\/avatar\\\/fbfef74d41ed20cdf5a602b4b4f0e73ecd596247e7d080ce91ee80733cc0d169?s=96&d=mm&r=g\",\"caption\":\"admin-master\"},\"sameAs\":[\"https:\\\/\\\/2023.expodefensa.fr\"],\"url\":\"https:\\\/\\\/www.expodefensa.com.co\\\/es\\\/author\\\/admin-master\\\/\"}]}<\/script>\n<!-- \/ Yoast SEO plugin. -->","yoast_head_json":{"title":"El Sector Defensa como motor de transformaci\u00f3n en Colombia - Expodefensa 2025","robots":{"index":"index","follow":"follow","max-snippet":"max-snippet:-1","max-image-preview":"max-image-preview:large","max-video-preview":"max-video-preview:-1"},"canonical":"https:\/\/www.expodefensa.com.co\/es\/el-sector-defensa-como-motor-de-transformacion-en-colombia\/","og_locale":"es_ES","og_type":"article","og_title":"El Sector Defensa como motor de transformaci\u00f3n en Colombia - Expodefensa 2025","og_description":"En la cotidianidad, damos por sentadas tecnolog\u00edas que hace tan solo unas d\u00e9cadas eran propias de la ciencia ficci\u00f3n. Lo que hoy usamos para pedir un taxi o rastrear un paquete, naci\u00f3 en entornos donde la seguridad era prioridad, y la innovaci\u00f3n, una necesidad vital.","og_url":"https:\/\/www.expodefensa.com.co\/es\/el-sector-defensa-como-motor-de-transformacion-en-colombia\/","og_site_name":"Expodefensa 2025","article_published_time":"2025-10-14T08:57:34+00:00","article_modified_time":"2025-10-14T09:11:40+00:00","og_image":[{"width":1024,"height":684,"url":"https:\/\/www.expodefensa.com.co\/wp-content\/uploads\/2025\/10\/transformation.jpg","type":"image\/jpeg"}],"author":"admin-master","twitter_card":"summary_large_image","twitter_misc":{"Escrito por":"admin-master","Tiempo de lectura":"5 minutos"},"schema":{"@context":"https:\/\/schema.org","@graph":[{"@type":"Article","@id":"https:\/\/www.expodefensa.com.co\/es\/el-sector-defensa-como-motor-de-transformacion-en-colombia\/#article","isPartOf":{"@id":"https:\/\/www.expodefensa.com.co\/es\/el-sector-defensa-como-motor-de-transformacion-en-colombia\/"},"author":{"name":"admin-master","@id":"https:\/\/2023.expodefensa.fr\/#\/schema\/person\/fece00789b59b432cff1e10d2df66dcd"},"headline":"El Sector Defensa como motor de transformaci\u00f3n en Colombia","datePublished":"2025-10-14T08:57:34+00:00","dateModified":"2025-10-14T09:11:40+00:00","mainEntityOfPage":{"@id":"https:\/\/www.expodefensa.com.co\/es\/el-sector-defensa-como-motor-de-transformacion-en-colombia\/"},"wordCount":1003,"publisher":{"@id":"https:\/\/2023.expodefensa.fr\/#organization"},"image":{"@id":"https:\/\/www.expodefensa.com.co\/es\/el-sector-defensa-como-motor-de-transformacion-en-colombia\/#primaryimage"},"thumbnailUrl":"https:\/\/www.expodefensa.com.co\/wp-content\/uploads\/2025\/10\/transformation.jpg","articleSection":["Noticias"],"inLanguage":"es"},{"@type":"WebPage","@id":"https:\/\/www.expodefensa.com.co\/es\/el-sector-defensa-como-motor-de-transformacion-en-colombia\/","url":"https:\/\/www.expodefensa.com.co\/es\/el-sector-defensa-como-motor-de-transformacion-en-colombia\/","name":"El Sector Defensa como motor de transformaci\u00f3n en Colombia - Expodefensa 2025","isPartOf":{"@id":"https:\/\/2023.expodefensa.fr\/#website"},"primaryImageOfPage":{"@id":"https:\/\/www.expodefensa.com.co\/es\/el-sector-defensa-como-motor-de-transformacion-en-colombia\/#primaryimage"},"image":{"@id":"https:\/\/www.expodefensa.com.co\/es\/el-sector-defensa-como-motor-de-transformacion-en-colombia\/#primaryimage"},"thumbnailUrl":"https:\/\/www.expodefensa.com.co\/wp-content\/uploads\/2025\/10\/transformation.jpg","datePublished":"2025-10-14T08:57:34+00:00","dateModified":"2025-10-14T09:11:40+00:00","breadcrumb":{"@id":"https:\/\/www.expodefensa.com.co\/es\/el-sector-defensa-como-motor-de-transformacion-en-colombia\/#breadcrumb"},"inLanguage":"es","potentialAction":[{"@type":"ReadAction","target":["https:\/\/www.expodefensa.com.co\/es\/el-sector-defensa-como-motor-de-transformacion-en-colombia\/"]}]},{"@type":"ImageObject","inLanguage":"es","@id":"https:\/\/www.expodefensa.com.co\/es\/el-sector-defensa-como-motor-de-transformacion-en-colombia\/#primaryimage","url":"https:\/\/www.expodefensa.com.co\/wp-content\/uploads\/2025\/10\/transformation.jpg","contentUrl":"https:\/\/www.expodefensa.com.co\/wp-content\/uploads\/2025\/10\/transformation.jpg","width":1024,"height":684,"caption":"transformation"},{"@type":"BreadcrumbList","@id":"https:\/\/www.expodefensa.com.co\/es\/el-sector-defensa-como-motor-de-transformacion-en-colombia\/#breadcrumb","itemListElement":[{"@type":"ListItem","position":1,"name":"Home","item":"https:\/\/www.expodefensa.com.co\/es\/home\/"},{"@type":"ListItem","position":2,"name":"El Sector Defensa como motor de transformaci\u00f3n en Colombia"}]},{"@type":"WebSite","@id":"https:\/\/2023.expodefensa.fr\/#website","url":"https:\/\/2023.expodefensa.fr\/","name":"Expodefensa 2025","description":"International Defense and Security Trade Fair","publisher":{"@id":"https:\/\/2023.expodefensa.fr\/#organization"},"alternateName":"Expodefensa 2023","potentialAction":[{"@type":"SearchAction","target":{"@type":"EntryPoint","urlTemplate":"https:\/\/2023.expodefensa.fr\/?s={search_term_string}"},"query-input":{"@type":"PropertyValueSpecification","valueRequired":true,"valueName":"search_term_string"}}],"inLanguage":"es"},{"@type":"Organization","@id":"https:\/\/2023.expodefensa.fr\/#organization","name":"Expodefensa 2025","alternateName":"Expodefensa 2023","url":"https:\/\/2023.expodefensa.fr\/","logo":{"@type":"ImageObject","inLanguage":"es","@id":"https:\/\/2023.expodefensa.fr\/#\/schema\/logo\/image\/","url":"https:\/\/www.expodefensa.com.co\/wp-content\/uploads\/2023\/01\/logo_expodefensa-social.jpg","contentUrl":"https:\/\/www.expodefensa.com.co\/wp-content\/uploads\/2023\/01\/logo_expodefensa-social.jpg","width":432,"height":200,"caption":"Expodefensa 2025"},"image":{"@id":"https:\/\/2023.expodefensa.fr\/#\/schema\/logo\/image\/"},"sameAs":["https:\/\/www.linkedin.com\/company\/expodefensa\/"]},{"@type":"Person","@id":"https:\/\/2023.expodefensa.fr\/#\/schema\/person\/fece00789b59b432cff1e10d2df66dcd","name":"admin-master","image":{"@type":"ImageObject","inLanguage":"es","@id":"https:\/\/secure.gravatar.com\/avatar\/fbfef74d41ed20cdf5a602b4b4f0e73ecd596247e7d080ce91ee80733cc0d169?s=96&d=mm&r=g","url":"https:\/\/secure.gravatar.com\/avatar\/fbfef74d41ed20cdf5a602b4b4f0e73ecd596247e7d080ce91ee80733cc0d169?s=96&d=mm&r=g","contentUrl":"https:\/\/secure.gravatar.com\/avatar\/fbfef74d41ed20cdf5a602b4b4f0e73ecd596247e7d080ce91ee80733cc0d169?s=96&d=mm&r=g","caption":"admin-master"},"sameAs":["https:\/\/2023.expodefensa.fr"],"url":"https:\/\/www.expodefensa.com.co\/es\/author\/admin-master\/"}]}},"_links":{"self":[{"href":"https:\/\/www.expodefensa.com.co\/es\/wp-json\/wp\/v2\/posts\/12143","targetHints":{"allow":["GET"]}}],"collection":[{"href":"https:\/\/www.expodefensa.com.co\/es\/wp-json\/wp\/v2\/posts"}],"about":[{"href":"https:\/\/www.expodefensa.com.co\/es\/wp-json\/wp\/v2\/types\/post"}],"author":[{"embeddable":true,"href":"https:\/\/www.expodefensa.com.co\/es\/wp-json\/wp\/v2\/users\/1"}],"replies":[{"embeddable":true,"href":"https:\/\/www.expodefensa.com.co\/es\/wp-json\/wp\/v2\/comments?post=12143"}],"version-history":[{"count":1,"href":"https:\/\/www.expodefensa.com.co\/es\/wp-json\/wp\/v2\/posts\/12143\/revisions"}],"predecessor-version":[{"id":12144,"href":"https:\/\/www.expodefensa.com.co\/es\/wp-json\/wp\/v2\/posts\/12143\/revisions\/12144"}],"wp:featuredmedia":[{"embeddable":true,"href":"https:\/\/www.expodefensa.com.co\/es\/wp-json\/wp\/v2\/media\/12134"}],"wp:attachment":[{"href":"https:\/\/www.expodefensa.com.co\/es\/wp-json\/wp\/v2\/media?parent=12143"}],"wp:term":[{"taxonomy":"category","embeddable":true,"href":"https:\/\/www.expodefensa.com.co\/es\/wp-json\/wp\/v2\/categories?post=12143"},{"taxonomy":"post_tag","embeddable":true,"href":"https:\/\/www.expodefensa.com.co\/es\/wp-json\/wp\/v2\/tags?post=12143"},{"taxonomy":"post_folder","embeddable":true,"href":"https:\/\/www.expodefensa.com.co\/es\/wp-json\/wp\/v2\/post_folder?post=12143"}],"curies":[{"name":"wp","href":"https:\/\/api.w.org\/{rel}","templated":true}]}}