    
{"id":11969,"date":"2025-05-15T08:19:55","date_gmt":"2025-05-15T06:19:55","guid":{"rendered":"https:\/\/www.expodefensa.com.co\/colombia-en-todos-los-frentes\/"},"modified":"2025-05-15T08:32:41","modified_gmt":"2025-05-15T06:32:41","slug":"colombia-en-todos-los-frentes","status":"publish","type":"post","link":"https:\/\/www.expodefensa.com.co\/es\/colombia-en-todos-los-frentes\/","title":{"rendered":"Colombia en todos los frentes"},"content":{"rendered":"\t\t<div data-elementor-type=\"wp-post\" data-elementor-id=\"11969\" class=\"elementor elementor-11969 elementor-11962\" data-elementor-settings=\"{&quot;ha_cmc_init_switcher&quot;:&quot;no&quot;}\" data-elementor-post-type=\"post\">\n\t\t\t\t\t\t<section class=\"elementor-section elementor-top-section elementor-element elementor-element-8e9277f elementor-section-boxed elementor-section-height-default elementor-section-height-default\" data-id=\"8e9277f\" data-element_type=\"section\" data-e-type=\"section\" data-settings=\"{&quot;_ha_eqh_enable&quot;:false}\">\n\t\t\t\t\t\t<div class=\"elementor-container elementor-column-gap-default\">\n\t\t\t\t\t<div class=\"elementor-column elementor-col-100 elementor-top-column elementor-element elementor-element-90b288c\" data-id=\"90b288c\" data-element_type=\"column\" data-e-type=\"column\">\n\t\t\t<div class=\"elementor-widget-wrap elementor-element-populated\">\n\t\t\t\t\t\t<div class=\"elementor-element elementor-element-f5e2941 elementor-widget elementor-widget-text-editor\" data-id=\"f5e2941\" data-element_type=\"widget\" data-e-type=\"widget\" data-widget_type=\"text-editor.default\">\n\t\t\t\t<div class=\"elementor-widget-container\">\n\t\t\t\t\t\t\t\t\t<p>\u00a9Comandante General de las Fuerzas Militares de Colombia<\/p>\t\t\t\t\t\t\t\t<\/div>\n\t\t\t\t<\/div>\n\t\t\t\t<div class=\"elementor-element elementor-element-5d4d6fa elementor-widget elementor-widget-heading\" data-id=\"5d4d6fa\" data-element_type=\"widget\" data-e-type=\"widget\" data-widget_type=\"heading.default\">\n\t\t\t\t<div class=\"elementor-widget-container\">\n\t\t\t\t\t<h2 class=\"elementor-heading-title elementor-size-default\">Nos reunimos con el Almirante Francisco Hernando Cubides Granados, Comandante General de las Fuerzas Militares de Colombia.<\/h2>\t\t\t\t<\/div>\n\t\t\t\t<\/div>\n\t\t\t\t<div class=\"elementor-element elementor-element-1bac026 elementor-widget elementor-widget-heading\" data-id=\"1bac026\" data-element_type=\"widget\" data-e-type=\"widget\" data-widget_type=\"heading.default\">\n\t\t\t\t<div class=\"elementor-widget-container\">\n\t\t\t\t\t<h2 class=\"elementor-heading-title elementor-size-default\">Amenazas, desaf\u00edos y ascenso de las Fuerzas Militares<\/h2>\t\t\t\t<\/div>\n\t\t\t\t<\/div>\n\t\t\t\t<div class=\"elementor-element elementor-element-5384647 elementor-widget elementor-widget-text-editor\" data-id=\"5384647\" data-element_type=\"widget\" data-e-type=\"widget\" data-widget_type=\"text-editor.default\">\n\t\t\t\t<div class=\"elementor-widget-container\">\n\t\t\t\t\t\t\t\t\t<p>Colombia es el cuarto pa\u00eds de Am\u00e9rica Latina con mayor tasa de homicidios per c\u00e1pita, detr\u00e1s de Hait\u00ed, Ecuador y Venezuela, y enfrenta grandes retos en materia de seguridad y defensa. Entre ellos, el narcotr\u00e1fico, los grupos armados organizados, el crimen transnacional y las ciberamenazas. La Amazonia es una zona clave, en el centro de las preocupaciones de seguridad. \u00ab La seguridad en el Amazonas es un reto estrat\u00e9gico debido a su vastedad, dif\u00edcil acceso y la presencia de corredores utilizados para el narcotr\u00e1fico, la miner\u00eda ilegal y otros delitos transnacionales. Para contrarrestar estas amenazas, las Fuerzas Militares han desplegado el Grupo A\u00e9reo del Amazonas, la Fuerza Naval de la Amazon\u00eda y unidades terrestres en puntos clave. Estas unidades no solo buscan garantizar el control territorial, sino tambi\u00e9n proteger el medioambiente y las comunidades ind\u00edgenas que han sido afectadas por actores ilegales. A pesar de los esfuerzos, persisten desaf\u00edos como la necesidad de mayor tecnolog\u00eda de vigilancia, mejores sistemas de comunicaci\u00f3n y una inteligencia m\u00e1s robusta. La cooperaci\u00f3n internacional con pa\u00edses vecinos ha sido clave en el monitoreo conjunto de fronteras y la lucha contra el crimen transnacional, pero se requiere fortalecer la presencia del Estado con infraestructura y capacidades que permitan una respuesta m\u00e1s efectiva en esta zona estrat\u00e9gica. \u00bb se\u00f1ala el Almirante Francisco Hernando Cubides Granados, Comandante General de las Fuerzas Militares de Colombia. La desinformaci\u00f3n es otro de los grandes riesgos a los que deben responder las Fuerzas Militares. \u00ab Las Fuerzas Militares de Colombia han fortalecido sus capacidades para hacer frente a las campa\u00f1as de desinformaci\u00f3n y manipulaci\u00f3n, conscientes del impacto que estas pueden tener sobre la estabilidad nacional y la percepci\u00f3n de la seguridad. Se han implementado estrategias de comunicaci\u00f3n institucional m\u00e1s oportunas, para fortalecer la confianza p\u00fablica, brindando informaci\u00f3n veraz a la ciudadan\u00eda. La cooperaci\u00f3n interinstitucional y el trabajo con organismos internacionales han permitido mejorar las capacidades, as\u00ed como la identificaci\u00f3n temprana de amenazas digitales. Sin embargo, el combate a la desinformaci\u00f3n sigue siendo un desaf\u00edo din\u00e1mico que requiere actualizaci\u00f3n constante de herramientas tecnol\u00f3gicas, una mayor articulaci\u00f3n con el sector privado y la formaci\u00f3n de personal especializado en la gesti\u00f3n de crisis informativas en el entorno digital. \u00bb afirma el almirante colombiano. En cuanto a las amenazas digitales, Colombia ha creado \u00ab Comando Conjunto Cibern\u00e9tico, el cual lidera las estrategias de protecci\u00f3n del ciberespacio y la seguridad digital. Sin embargo, a\u00fan existen desaf\u00edos en t\u00e9rminos de consolidaci\u00f3n de capacidades, inversi\u00f3n en tecnolog\u00edas avanzadas y desarrollo de un marco doctrinal robusto que permita una respuesta efectiva a incidentes cibern\u00e9ticos de gran escala. Aunque se han implementado algunas iniciativas para fortalecer la resiliencia digital, la sofisticaci\u00f3n creciente de las amenazas cibern\u00e9ticas y la necesidad de mayor coordinaci\u00f3n interinstitucional siguen siendo retos prioritarios. La consolidaci\u00f3n de una estrategia integral de ciberdefensa ser\u00e1 clave para garantizar la soberan\u00eda digital y la seguridad nacional en un entorno cada vez m\u00e1s interconectado. \u00bb prosigue el almirante Francisco Hernando Cubides Granados.      <\/p><p>Para hacer frente a estas diferentes amenazas, es esencial modernizar el equipamiento militar. \u00ab En el marco del Sistema Integrado de Defensa Nacional &#8211; SIDEN se ha planeado la adquisici\u00f3n de nuevas capacidades, equipos de vigilancia y tecnolog\u00eda de \u00faltima generaci\u00f3n para mejorar las capacidades operativas para el Ej\u00e9rcito Nacional, la Armada de Colombia y la Fuerza Aeroespacial Colombiana. El presupuesto est\u00e1 sujeto a decisiones gubernamentales y disponibilidad presupuestal, priorizando eficiencia y optimizaci\u00f3n de recursos para maximizar el impacto en seguridad y defensa. \u00bb se\u00f1ala. Con casi el 4% del PIB dedicado a defensa, Colombia tiene el mayor gasto militar en relaci\u00f3n con el PIB de Sudam\u00e9rica.  <\/p>\t\t\t\t\t\t\t\t<\/div>\n\t\t\t\t<\/div>\n\t\t\t\t<div class=\"elementor-element elementor-element-467297d elementor-widget elementor-widget-heading\" data-id=\"467297d\" data-element_type=\"widget\" data-e-type=\"widget\" data-widget_type=\"heading.default\">\n\t\t\t\t<div class=\"elementor-widget-container\">\n\t\t\t\t\t<h2 class=\"elementor-heading-title elementor-size-default\">Inteligencia artificial: \u00bfun gran cambi\u00f3 para las fuerzas armadas? <\/h2>\t\t\t\t<\/div>\n\t\t\t\t<\/div>\n\t\t\t\t<div class=\"elementor-element elementor-element-ef1f3cb elementor-widget elementor-widget-text-editor\" data-id=\"ef1f3cb\" data-element_type=\"widget\" data-e-type=\"widget\" data-widget_type=\"text-editor.default\">\n\t\t\t\t<div class=\"elementor-widget-container\">\n\t\t\t\t\t\t\t\t\t<p>\u00ab La incorporaci\u00f3n de la inteligencia artificial (IA) en seguridad y defensa representa un desaf\u00edo estrat\u00e9gico que exige adaptabilidad y control para maximizar sus beneficios sin comprometer la seguridad operacional. Si bien su capacidad para procesar grandes vol\u00famenes de datos y mejorar la toma de decisiones es innegable, su implementaci\u00f3n enfrenta retos significativos, como la vulnerabilidad a ciberataques, la fiabilidad de los algoritmos y la dependencia tecnol\u00f3gica. \u00bb apoya a Francisco Hernando Cubides Granados, a\u00f1adiendo : \u00ab Tambi\u00e9n plantea dilemas \u00e9ticos y jur\u00eddicos sobre el uso de sistemas aut\u00f3nomos en el campo de batalla. Adem\u00e1s, la necesidad de una supervisi\u00f3n humana efectiva y de normativas claras es crucial para evitar riesgos derivados de decisiones basadas en IA sin la debida interpretaci\u00f3n contextual. La integraci\u00f3n exitosa de esta tecnolog\u00eda depender\u00e1 de la inversi\u00f3n en capacitaci\u00f3n, la cooperaci\u00f3n interinstitucional y la actualizaci\u00f3n constante de protocolos de seguridad que permitan aprovechar su potencial sin descuidar los riesgos inherentes a su evoluci\u00f3n acelerada. \u00bb<\/p>\t\t\t\t\t\t\t\t<\/div>\n\t\t\t\t<\/div>\n\t\t\t\t<div class=\"elementor-element elementor-element-62ee229 elementor-widget elementor-widget-heading\" data-id=\"62ee229\" data-element_type=\"widget\" data-e-type=\"widget\" data-widget_type=\"heading.default\">\n\t\t\t\t<div class=\"elementor-widget-container\">\n\t\t\t\t\t<h2 class=\"elementor-heading-title elementor-size-default\">La cooperaci\u00f3n : una evidencia<\/h2>\t\t\t\t<\/div>\n\t\t\t\t<\/div>\n\t\t\t\t<div class=\"elementor-element elementor-element-05afbf0 elementor-widget elementor-widget-text-editor\" data-id=\"05afbf0\" data-element_type=\"widget\" data-e-type=\"widget\" data-widget_type=\"text-editor.default\">\n\t\t\t\t<div class=\"elementor-widget-container\">\n\t\t\t\t\t\t\t\t\t<p>Colombia coopera con un amplio abanico de socios, ya sea en la lucha contra el terrorismo, la seguridad mar\u00edtima, la formaci\u00f3n militar, la inteligencia o la modernizaci\u00f3n de sus fuerzas armadas. \u00ab Colombia valora profundamente sus relaciones estrat\u00e9gicas con aliados internacionales que contribuyen al fortalecimiento de sus capacidades en materia de seguridad y defensa. En este sentido, Francia se ha consolidado como un socio clave, con el cual existen lazos hist\u00f3ricos y una visi\u00f3n compartida sobre la importancia de la estabilidad regional y la lucha contra amenazas globales. La cooperaci\u00f3n en materia de educaci\u00f3n militar, ciberseguridad, inteligencia y operaciones especiales representa una oportunidad para el intercambio de conocimientos y la implementaci\u00f3n de mejores pr\u00e1cticas que permitan enfrentar los desaf\u00edos emergentes con mayor eficacia. Se adelantan importantes operaciones mar\u00edtimas con la Armada de Francia en el \u00e1rea del Caribe para contrarrestar el narcotr\u00e1fico. \u00bb se\u00f1ala el almirante colombiano. Desde 2017, Colombia es socio de pleno derecho de la OTAN. Un estatus que le permite una mayor cooperaci\u00f3n con la Alianza. \u00ab La cooperaci\u00f3n con la OTAN se centra en interoperabilidad, lucha contra amenazas transnacionales y ciberseguridad. Para 2025-2026, se proyectan iniciativas en seguridad, modernizaci\u00f3n y lucha contra el terrorismo y la corrupci\u00f3n. \u00bb contin\u00faa.    <\/p>\t\t\t\t\t\t\t\t<\/div>\n\t\t\t\t<\/div>\n\t\t\t\t<div class=\"elementor-element elementor-element-566e295 elementor-widget elementor-widget-heading\" data-id=\"566e295\" data-element_type=\"widget\" data-e-type=\"widget\" data-widget_type=\"heading.default\">\n\t\t\t\t<div class=\"elementor-widget-container\">\n\t\t\t\t\t<h2 class=\"elementor-heading-title elementor-size-default\">La lucha contra el cambio clim\u00e1tico y la seguridad ciudadana: una prioridad declarada <\/h2>\t\t\t\t<\/div>\n\t\t\t\t<\/div>\n\t\t\t\t<div class=\"elementor-element elementor-element-41977ee elementor-widget elementor-widget-text-editor\" data-id=\"41977ee\" data-element_type=\"widget\" data-e-type=\"widget\" data-widget_type=\"text-editor.default\">\n\t\t\t\t<div class=\"elementor-widget-container\">\n\t\t\t\t\t\t\t\t\t<p>Incendios forestales, inundaciones, deslizamientos de tierra, avalanchas de lodo: s\u00f3lo en 2024, Colombia fue testigo de una serie de grandes cat\u00e1strofes naturales. \u00ab Desde la Presidencia de la Rep\u00fablica se han planteado estrategias que buscan incorporar el desarrollo de proyectos que demandan mitigar los efectos del cambio clim\u00e1tico en nuestro pa\u00eds. As\u00ed entonces, las Fuerzas Militares de Colombia, alineadas con los objetivos estrat\u00e9gicos del Gobierno Nacional, juegan un papel importante y protag\u00f3nico, reconociendo el enorme impacto que genera el cambio clim\u00e1tico en el \u00e1mbito de la seguridad nacional. Por tal raz\u00f3n, cada una de sus instituciones fomenta campa\u00f1as, adopta estrategias, incorpora tecnolog\u00eda que brinda apoyo en la respuesta y finalmente, a trav\u00e9s de la articulaci\u00f3n interinstitucional, atienden las diferentes amenazas y emergencias que se presentan por desastres naturales. \u00bb declar\u00f3 el almirante Francisco Hernando Cubides Granados. Las fuerzas armadas tienen un papel fundamental en la gesti\u00f3n de crisis. \u00ab Las Fuerzas Militares desempe\u00f1an un papel fundamental en la gesti\u00f3n de crisis humanitarias. Se movilizan r\u00e1pidamente en casos de desastres naturales, apoyando con log\u00edstica, asistencia m\u00e9dica y reconstrucci\u00f3n de infraestructura para ayudar a la poblaci\u00f3n civil en momentos cr\u00edticos. Estamos comprometidos con la protecci\u00f3n de la poblaci\u00f3n civil y las comunidades m\u00e1s vulnerables. Es por ello que, ponemos a disposici\u00f3n cada una de las capacidades diferenciales de las Fuerzas. Un claro ejemplo es el Ej\u00e9rcito Nacional a trav\u00e9s de unidades como la Brigada de Ingenieros de Atenci\u00f3n y Prevenci\u00f3n de Desastres y sus dos Batallones de Ingenieros de Atenci\u00f3n y Prevenci\u00f3n de Desastres, los cuales cuentan con personal entrenado, preparado y capacitado, as\u00ed como con diferentes tipos de herramientas, equipos y accesorios que le permiten a estos rescatistas, desplegar todas sus capacidades en todo el territorio nacional adelantando operaciones de asistencia humanitaria, manejo de crisis generadas por los desastres naturales y operaciones de b\u00fasqueda y rescate de v\u00edctimas que dejan este tipo de fen\u00f3menos naturales. Estas unidades act\u00faan r\u00e1pidamente y pueden ser movilizados v\u00eda a\u00e9rea, terrestre, fluvial y\/o mar\u00edtima con todo su equipamiento. \u00bb concluye el Comandante General de las Fuerzas Militares de Colombia.   <\/p>\t\t\t\t\t\t\t\t<\/div>\n\t\t\t\t<\/div>\n\t\t\t\t\t<\/div>\n\t\t<\/div>\n\t\t\t\t\t<\/div>\n\t\t<\/section>\n\t\t\t\t<\/div>\n\t\t","protected":false},"excerpt":{"rendered":"<p>Una de las tasas de homicidio m\u00e1s altas de Am\u00e9rica Latina, narcotr\u00e1fico, desinformaci\u00f3n, amenazas cibern\u00e9ticas, cat\u00e1strofes naturales&#8230; En Colombia, los retos relacionados con la seguridad son cada vez mayores. Como respuesta, las fuerzas armadas est\u00e1n intensificando sus esfuerzos. Modernizan sus equipos, luchan contra la desinformaci\u00f3n, desarrollan capacidades de ciberdefensa y cooperan cada vez m\u00e1s con sus socios estrat\u00e9gicos. Repasamos aqu\u00ed los retos y las amenazas, as\u00ed como las innovaciones tecnol\u00f3gicas y la cooperaci\u00f3n en curso para proteger la seguridad nacional.   <\/p>\n","protected":false},"author":1,"featured_media":11964,"comment_status":"closed","ping_status":"closed","sticky":false,"template":"","format":"standard","meta":{"_acf_changed":false,"footnotes":""},"categories":[33],"tags":[],"post_folder":[],"class_list":["post-11969","post","type-post","status-publish","format-standard","has-post-thumbnail","hentry","category-noticias"],"acf":[],"yoast_head":"<!-- This site is optimized with the Yoast SEO plugin v27.4 - https:\/\/yoast.com\/product\/yoast-seo-wordpress\/ -->\n<title>Colombia en todos los frentes - Expodefensa 2025<\/title>\n<meta name=\"robots\" content=\"index, follow, max-snippet:-1, max-image-preview:large, max-video-preview:-1\" \/>\n<link rel=\"canonical\" href=\"https:\/\/www.expodefensa.com.co\/es\/colombia-en-todos-los-frentes\/\" \/>\n<meta property=\"og:locale\" content=\"es_ES\" \/>\n<meta property=\"og:type\" content=\"article\" \/>\n<meta property=\"og:title\" content=\"Colombia en todos los frentes - Expodefensa 2025\" \/>\n<meta property=\"og:description\" content=\"Una de las tasas de homicidio m\u00e1s altas de Am\u00e9rica Latina, narcotr\u00e1fico, desinformaci\u00f3n, amenazas cibern\u00e9ticas, cat\u00e1strofes naturales... En Colombia, los retos relacionados con la seguridad son cada vez mayores. Como respuesta, las fuerzas armadas est\u00e1n intensificando sus esfuerzos. Modernizan sus equipos, luchan contra la desinformaci\u00f3n, desarrollan capacidades de ciberdefensa y cooperan cada vez m\u00e1s con sus socios estrat\u00e9gicos. Repasamos aqu\u00ed los retos y las amenazas, as\u00ed como las innovaciones tecnol\u00f3gicas y la cooperaci\u00f3n en curso para proteger la seguridad nacional.\" \/>\n<meta property=\"og:url\" content=\"https:\/\/www.expodefensa.com.co\/es\/colombia-en-todos-los-frentes\/\" \/>\n<meta property=\"og:site_name\" content=\"Expodefensa 2025\" \/>\n<meta property=\"article:published_time\" content=\"2025-05-15T06:19:55+00:00\" \/>\n<meta property=\"article:modified_time\" content=\"2025-05-15T06:32:41+00:00\" \/>\n<meta property=\"og:image\" content=\"https:\/\/www.expodefensa.com.co\/wp-content\/uploads\/2025\/05\/Hernando-Cubides-Granados.jpg\" \/>\n\t<meta property=\"og:image:width\" content=\"1024\" \/>\n\t<meta property=\"og:image:height\" content=\"684\" \/>\n\t<meta property=\"og:image:type\" content=\"image\/jpeg\" \/>\n<meta name=\"author\" content=\"admin-master\" \/>\n<meta name=\"twitter:card\" content=\"summary_large_image\" \/>\n<meta name=\"twitter:label1\" content=\"Escrito por\" \/>\n\t<meta name=\"twitter:data1\" content=\"admin-master\" \/>\n\t<meta name=\"twitter:label2\" content=\"Tiempo de lectura\" \/>\n\t<meta name=\"twitter:data2\" content=\"7 minutos\" \/>\n<script type=\"application\/ld+json\" class=\"yoast-schema-graph\">{\"@context\":\"https:\\\/\\\/schema.org\",\"@graph\":[{\"@type\":\"Article\",\"@id\":\"https:\\\/\\\/www.expodefensa.com.co\\\/es\\\/colombia-en-todos-los-frentes\\\/#article\",\"isPartOf\":{\"@id\":\"https:\\\/\\\/www.expodefensa.com.co\\\/es\\\/colombia-en-todos-los-frentes\\\/\"},\"author\":{\"name\":\"admin-master\",\"@id\":\"https:\\\/\\\/2023.expodefensa.fr\\\/#\\\/schema\\\/person\\\/fece00789b59b432cff1e10d2df66dcd\"},\"headline\":\"Colombia en todos los frentes\",\"datePublished\":\"2025-05-15T06:19:55+00:00\",\"dateModified\":\"2025-05-15T06:32:41+00:00\",\"mainEntityOfPage\":{\"@id\":\"https:\\\/\\\/www.expodefensa.com.co\\\/es\\\/colombia-en-todos-los-frentes\\\/\"},\"wordCount\":1491,\"publisher\":{\"@id\":\"https:\\\/\\\/2023.expodefensa.fr\\\/#organization\"},\"image\":{\"@id\":\"https:\\\/\\\/www.expodefensa.com.co\\\/es\\\/colombia-en-todos-los-frentes\\\/#primaryimage\"},\"thumbnailUrl\":\"https:\\\/\\\/www.expodefensa.com.co\\\/wp-content\\\/uploads\\\/2025\\\/05\\\/Hernando-Cubides-Granados.jpg\",\"articleSection\":[\"Noticias\"],\"inLanguage\":\"es\"},{\"@type\":\"WebPage\",\"@id\":\"https:\\\/\\\/www.expodefensa.com.co\\\/es\\\/colombia-en-todos-los-frentes\\\/\",\"url\":\"https:\\\/\\\/www.expodefensa.com.co\\\/es\\\/colombia-en-todos-los-frentes\\\/\",\"name\":\"Colombia en todos los frentes - Expodefensa 2025\",\"isPartOf\":{\"@id\":\"https:\\\/\\\/2023.expodefensa.fr\\\/#website\"},\"primaryImageOfPage\":{\"@id\":\"https:\\\/\\\/www.expodefensa.com.co\\\/es\\\/colombia-en-todos-los-frentes\\\/#primaryimage\"},\"image\":{\"@id\":\"https:\\\/\\\/www.expodefensa.com.co\\\/es\\\/colombia-en-todos-los-frentes\\\/#primaryimage\"},\"thumbnailUrl\":\"https:\\\/\\\/www.expodefensa.com.co\\\/wp-content\\\/uploads\\\/2025\\\/05\\\/Hernando-Cubides-Granados.jpg\",\"datePublished\":\"2025-05-15T06:19:55+00:00\",\"dateModified\":\"2025-05-15T06:32:41+00:00\",\"breadcrumb\":{\"@id\":\"https:\\\/\\\/www.expodefensa.com.co\\\/es\\\/colombia-en-todos-los-frentes\\\/#breadcrumb\"},\"inLanguage\":\"es\",\"potentialAction\":[{\"@type\":\"ReadAction\",\"target\":[\"https:\\\/\\\/www.expodefensa.com.co\\\/es\\\/colombia-en-todos-los-frentes\\\/\"]}]},{\"@type\":\"ImageObject\",\"inLanguage\":\"es\",\"@id\":\"https:\\\/\\\/www.expodefensa.com.co\\\/es\\\/colombia-en-todos-los-frentes\\\/#primaryimage\",\"url\":\"https:\\\/\\\/www.expodefensa.com.co\\\/wp-content\\\/uploads\\\/2025\\\/05\\\/Hernando-Cubides-Granados.jpg\",\"contentUrl\":\"https:\\\/\\\/www.expodefensa.com.co\\\/wp-content\\\/uploads\\\/2025\\\/05\\\/Hernando-Cubides-Granados.jpg\",\"width\":1024,\"height\":684,\"caption\":\"Hernando-Cubides-Granados\"},{\"@type\":\"BreadcrumbList\",\"@id\":\"https:\\\/\\\/www.expodefensa.com.co\\\/es\\\/colombia-en-todos-los-frentes\\\/#breadcrumb\",\"itemListElement\":[{\"@type\":\"ListItem\",\"position\":1,\"name\":\"Home\",\"item\":\"https:\\\/\\\/www.expodefensa.com.co\\\/es\\\/home\\\/\"},{\"@type\":\"ListItem\",\"position\":2,\"name\":\"Colombia en todos los frentes\"}]},{\"@type\":\"WebSite\",\"@id\":\"https:\\\/\\\/2023.expodefensa.fr\\\/#website\",\"url\":\"https:\\\/\\\/2023.expodefensa.fr\\\/\",\"name\":\"Expodefensa 2025\",\"description\":\"International Defense and Security Trade Fair\",\"publisher\":{\"@id\":\"https:\\\/\\\/2023.expodefensa.fr\\\/#organization\"},\"alternateName\":\"Expodefensa 2023\",\"potentialAction\":[{\"@type\":\"SearchAction\",\"target\":{\"@type\":\"EntryPoint\",\"urlTemplate\":\"https:\\\/\\\/2023.expodefensa.fr\\\/?s={search_term_string}\"},\"query-input\":{\"@type\":\"PropertyValueSpecification\",\"valueRequired\":true,\"valueName\":\"search_term_string\"}}],\"inLanguage\":\"es\"},{\"@type\":\"Organization\",\"@id\":\"https:\\\/\\\/2023.expodefensa.fr\\\/#organization\",\"name\":\"Expodefensa 2025\",\"alternateName\":\"Expodefensa 2023\",\"url\":\"https:\\\/\\\/2023.expodefensa.fr\\\/\",\"logo\":{\"@type\":\"ImageObject\",\"inLanguage\":\"es\",\"@id\":\"https:\\\/\\\/2023.expodefensa.fr\\\/#\\\/schema\\\/logo\\\/image\\\/\",\"url\":\"https:\\\/\\\/www.expodefensa.com.co\\\/wp-content\\\/uploads\\\/2023\\\/01\\\/logo_expodefensa-social.jpg\",\"contentUrl\":\"https:\\\/\\\/www.expodefensa.com.co\\\/wp-content\\\/uploads\\\/2023\\\/01\\\/logo_expodefensa-social.jpg\",\"width\":432,\"height\":200,\"caption\":\"Expodefensa 2025\"},\"image\":{\"@id\":\"https:\\\/\\\/2023.expodefensa.fr\\\/#\\\/schema\\\/logo\\\/image\\\/\"},\"sameAs\":[\"https:\\\/\\\/www.linkedin.com\\\/company\\\/expodefensa\\\/\"]},{\"@type\":\"Person\",\"@id\":\"https:\\\/\\\/2023.expodefensa.fr\\\/#\\\/schema\\\/person\\\/fece00789b59b432cff1e10d2df66dcd\",\"name\":\"admin-master\",\"image\":{\"@type\":\"ImageObject\",\"inLanguage\":\"es\",\"@id\":\"https:\\\/\\\/secure.gravatar.com\\\/avatar\\\/fbfef74d41ed20cdf5a602b4b4f0e73ecd596247e7d080ce91ee80733cc0d169?s=96&d=mm&r=g\",\"url\":\"https:\\\/\\\/secure.gravatar.com\\\/avatar\\\/fbfef74d41ed20cdf5a602b4b4f0e73ecd596247e7d080ce91ee80733cc0d169?s=96&d=mm&r=g\",\"contentUrl\":\"https:\\\/\\\/secure.gravatar.com\\\/avatar\\\/fbfef74d41ed20cdf5a602b4b4f0e73ecd596247e7d080ce91ee80733cc0d169?s=96&d=mm&r=g\",\"caption\":\"admin-master\"},\"sameAs\":[\"https:\\\/\\\/2023.expodefensa.fr\"],\"url\":\"https:\\\/\\\/www.expodefensa.com.co\\\/es\\\/author\\\/admin-master\\\/\"}]}<\/script>\n<!-- \/ Yoast SEO plugin. -->","yoast_head_json":{"title":"Colombia en todos los frentes - Expodefensa 2025","robots":{"index":"index","follow":"follow","max-snippet":"max-snippet:-1","max-image-preview":"max-image-preview:large","max-video-preview":"max-video-preview:-1"},"canonical":"https:\/\/www.expodefensa.com.co\/es\/colombia-en-todos-los-frentes\/","og_locale":"es_ES","og_type":"article","og_title":"Colombia en todos los frentes - Expodefensa 2025","og_description":"Una de las tasas de homicidio m\u00e1s altas de Am\u00e9rica Latina, narcotr\u00e1fico, desinformaci\u00f3n, amenazas cibern\u00e9ticas, cat\u00e1strofes naturales... En Colombia, los retos relacionados con la seguridad son cada vez mayores. Como respuesta, las fuerzas armadas est\u00e1n intensificando sus esfuerzos. Modernizan sus equipos, luchan contra la desinformaci\u00f3n, desarrollan capacidades de ciberdefensa y cooperan cada vez m\u00e1s con sus socios estrat\u00e9gicos. Repasamos aqu\u00ed los retos y las amenazas, as\u00ed como las innovaciones tecnol\u00f3gicas y la cooperaci\u00f3n en curso para proteger la seguridad nacional.","og_url":"https:\/\/www.expodefensa.com.co\/es\/colombia-en-todos-los-frentes\/","og_site_name":"Expodefensa 2025","article_published_time":"2025-05-15T06:19:55+00:00","article_modified_time":"2025-05-15T06:32:41+00:00","og_image":[{"width":1024,"height":684,"url":"https:\/\/www.expodefensa.com.co\/wp-content\/uploads\/2025\/05\/Hernando-Cubides-Granados.jpg","type":"image\/jpeg"}],"author":"admin-master","twitter_card":"summary_large_image","twitter_misc":{"Escrito por":"admin-master","Tiempo de lectura":"7 minutos"},"schema":{"@context":"https:\/\/schema.org","@graph":[{"@type":"Article","@id":"https:\/\/www.expodefensa.com.co\/es\/colombia-en-todos-los-frentes\/#article","isPartOf":{"@id":"https:\/\/www.expodefensa.com.co\/es\/colombia-en-todos-los-frentes\/"},"author":{"name":"admin-master","@id":"https:\/\/2023.expodefensa.fr\/#\/schema\/person\/fece00789b59b432cff1e10d2df66dcd"},"headline":"Colombia en todos los frentes","datePublished":"2025-05-15T06:19:55+00:00","dateModified":"2025-05-15T06:32:41+00:00","mainEntityOfPage":{"@id":"https:\/\/www.expodefensa.com.co\/es\/colombia-en-todos-los-frentes\/"},"wordCount":1491,"publisher":{"@id":"https:\/\/2023.expodefensa.fr\/#organization"},"image":{"@id":"https:\/\/www.expodefensa.com.co\/es\/colombia-en-todos-los-frentes\/#primaryimage"},"thumbnailUrl":"https:\/\/www.expodefensa.com.co\/wp-content\/uploads\/2025\/05\/Hernando-Cubides-Granados.jpg","articleSection":["Noticias"],"inLanguage":"es"},{"@type":"WebPage","@id":"https:\/\/www.expodefensa.com.co\/es\/colombia-en-todos-los-frentes\/","url":"https:\/\/www.expodefensa.com.co\/es\/colombia-en-todos-los-frentes\/","name":"Colombia en todos los frentes - Expodefensa 2025","isPartOf":{"@id":"https:\/\/2023.expodefensa.fr\/#website"},"primaryImageOfPage":{"@id":"https:\/\/www.expodefensa.com.co\/es\/colombia-en-todos-los-frentes\/#primaryimage"},"image":{"@id":"https:\/\/www.expodefensa.com.co\/es\/colombia-en-todos-los-frentes\/#primaryimage"},"thumbnailUrl":"https:\/\/www.expodefensa.com.co\/wp-content\/uploads\/2025\/05\/Hernando-Cubides-Granados.jpg","datePublished":"2025-05-15T06:19:55+00:00","dateModified":"2025-05-15T06:32:41+00:00","breadcrumb":{"@id":"https:\/\/www.expodefensa.com.co\/es\/colombia-en-todos-los-frentes\/#breadcrumb"},"inLanguage":"es","potentialAction":[{"@type":"ReadAction","target":["https:\/\/www.expodefensa.com.co\/es\/colombia-en-todos-los-frentes\/"]}]},{"@type":"ImageObject","inLanguage":"es","@id":"https:\/\/www.expodefensa.com.co\/es\/colombia-en-todos-los-frentes\/#primaryimage","url":"https:\/\/www.expodefensa.com.co\/wp-content\/uploads\/2025\/05\/Hernando-Cubides-Granados.jpg","contentUrl":"https:\/\/www.expodefensa.com.co\/wp-content\/uploads\/2025\/05\/Hernando-Cubides-Granados.jpg","width":1024,"height":684,"caption":"Hernando-Cubides-Granados"},{"@type":"BreadcrumbList","@id":"https:\/\/www.expodefensa.com.co\/es\/colombia-en-todos-los-frentes\/#breadcrumb","itemListElement":[{"@type":"ListItem","position":1,"name":"Home","item":"https:\/\/www.expodefensa.com.co\/es\/home\/"},{"@type":"ListItem","position":2,"name":"Colombia en todos los frentes"}]},{"@type":"WebSite","@id":"https:\/\/2023.expodefensa.fr\/#website","url":"https:\/\/2023.expodefensa.fr\/","name":"Expodefensa 2025","description":"International Defense and Security Trade Fair","publisher":{"@id":"https:\/\/2023.expodefensa.fr\/#organization"},"alternateName":"Expodefensa 2023","potentialAction":[{"@type":"SearchAction","target":{"@type":"EntryPoint","urlTemplate":"https:\/\/2023.expodefensa.fr\/?s={search_term_string}"},"query-input":{"@type":"PropertyValueSpecification","valueRequired":true,"valueName":"search_term_string"}}],"inLanguage":"es"},{"@type":"Organization","@id":"https:\/\/2023.expodefensa.fr\/#organization","name":"Expodefensa 2025","alternateName":"Expodefensa 2023","url":"https:\/\/2023.expodefensa.fr\/","logo":{"@type":"ImageObject","inLanguage":"es","@id":"https:\/\/2023.expodefensa.fr\/#\/schema\/logo\/image\/","url":"https:\/\/www.expodefensa.com.co\/wp-content\/uploads\/2023\/01\/logo_expodefensa-social.jpg","contentUrl":"https:\/\/www.expodefensa.com.co\/wp-content\/uploads\/2023\/01\/logo_expodefensa-social.jpg","width":432,"height":200,"caption":"Expodefensa 2025"},"image":{"@id":"https:\/\/2023.expodefensa.fr\/#\/schema\/logo\/image\/"},"sameAs":["https:\/\/www.linkedin.com\/company\/expodefensa\/"]},{"@type":"Person","@id":"https:\/\/2023.expodefensa.fr\/#\/schema\/person\/fece00789b59b432cff1e10d2df66dcd","name":"admin-master","image":{"@type":"ImageObject","inLanguage":"es","@id":"https:\/\/secure.gravatar.com\/avatar\/fbfef74d41ed20cdf5a602b4b4f0e73ecd596247e7d080ce91ee80733cc0d169?s=96&d=mm&r=g","url":"https:\/\/secure.gravatar.com\/avatar\/fbfef74d41ed20cdf5a602b4b4f0e73ecd596247e7d080ce91ee80733cc0d169?s=96&d=mm&r=g","contentUrl":"https:\/\/secure.gravatar.com\/avatar\/fbfef74d41ed20cdf5a602b4b4f0e73ecd596247e7d080ce91ee80733cc0d169?s=96&d=mm&r=g","caption":"admin-master"},"sameAs":["https:\/\/2023.expodefensa.fr"],"url":"https:\/\/www.expodefensa.com.co\/es\/author\/admin-master\/"}]}},"_links":{"self":[{"href":"https:\/\/www.expodefensa.com.co\/es\/wp-json\/wp\/v2\/posts\/11969","targetHints":{"allow":["GET"]}}],"collection":[{"href":"https:\/\/www.expodefensa.com.co\/es\/wp-json\/wp\/v2\/posts"}],"about":[{"href":"https:\/\/www.expodefensa.com.co\/es\/wp-json\/wp\/v2\/types\/post"}],"author":[{"embeddable":true,"href":"https:\/\/www.expodefensa.com.co\/es\/wp-json\/wp\/v2\/users\/1"}],"replies":[{"embeddable":true,"href":"https:\/\/www.expodefensa.com.co\/es\/wp-json\/wp\/v2\/comments?post=11969"}],"version-history":[{"count":1,"href":"https:\/\/www.expodefensa.com.co\/es\/wp-json\/wp\/v2\/posts\/11969\/revisions"}],"predecessor-version":[{"id":11970,"href":"https:\/\/www.expodefensa.com.co\/es\/wp-json\/wp\/v2\/posts\/11969\/revisions\/11970"}],"wp:featuredmedia":[{"embeddable":true,"href":"https:\/\/www.expodefensa.com.co\/es\/wp-json\/wp\/v2\/media\/11964"}],"wp:attachment":[{"href":"https:\/\/www.expodefensa.com.co\/es\/wp-json\/wp\/v2\/media?parent=11969"}],"wp:term":[{"taxonomy":"category","embeddable":true,"href":"https:\/\/www.expodefensa.com.co\/es\/wp-json\/wp\/v2\/categories?post=11969"},{"taxonomy":"post_tag","embeddable":true,"href":"https:\/\/www.expodefensa.com.co\/es\/wp-json\/wp\/v2\/tags?post=11969"},{"taxonomy":"post_folder","embeddable":true,"href":"https:\/\/www.expodefensa.com.co\/es\/wp-json\/wp\/v2\/post_folder?post=11969"}],"curies":[{"name":"wp","href":"https:\/\/api.w.org\/{rel}","templated":true}]}}